{"id":3107,"date":"2026-05-03T11:10:30","date_gmt":"2026-05-03T11:10:30","guid":{"rendered":"https:\/\/retrorallye.de\/?p=3107"},"modified":"2026-05-03T11:21:57","modified_gmt":"2026-05-03T11:21:57","slug":"bericht-von-martin-zauleck-von-der-rallye-ostalb","status":"publish","type":"post","link":"https:\/\/retrorallye.de\/?p=3107","title":{"rendered":"Bericht von Martin Zauleck von der Rallye Ostalb"},"content":{"rendered":"<div class=\"elementToProof\"><b>Doppelter Podestplatz f\u00fcr Martin und Kerstin&nbsp;Zauleck<\/b>&nbsp;<\/div>\n<div class=\"elementToProof\">Nach einem starken Start in die Saison 2026 gingen wir hochmotiviert in die Meisterschaft.&nbsp;<\/div>\n<div class=\"elementToProof\">Bei unserer zweiten Rallye Ostalb, die uns bereits 2024 in bester Erinnerung geblieben war, lautete das klare Ziel: wichtige Meisterschaftspunkte sammeln. Besonders auf den Wertungspr\u00fcfungen 1 und 4 fanden wir sofort unseren Rhythmus und konnten die Abweichung im Hundertstelbereich halten. Auf WP 2 und 5 lief es mit rund drei Zehntelsekunden Abweichung zwar nicht ganz optimal, dennoch blieben wir voll im Kampf um die Spitzenpl\u00e4tze. Die Pr\u00fcfungen 3 und 6 waren schlie\u00dflich ein Wechselbad aus starken Passagen und kleinen Fehlern \u2013 doch auch die Konkurrenz blieb nicht fehlerfrei.&nbsp;<\/div>\n<div class=\"elementToProof\">Spannender h\u00e4tte die Rallye kaum verlaufen k\u00f6nnen: Nach nahezu jeder Wertungspr\u00fcfung wechselte die F\u00fchrung an der Spitze. Die Entscheidung fiel erst an der Ziellinie. Dort standen f\u00fcr uns am Ende lediglich 1,29 Sekunden Gesamtabweichung auf der Uhr. Noch etwas pr\u00e4ziser unterwegs war das erfahrene \u201eAltmeister-Team\u201c Max und Timo&nbsp;Birnbreier, denen wir mit starken 0,14Sekunden Vorsprung gro\u00dfen Respekt zollen. Gleichzeitig gelang es uns jedoch,&nbsp;das&nbsp;ebenfalls sehr starke Team Wolfgang und Fabian Michalsky mit nur drei Hundertstelsekunden hinter uns zu halten.&nbsp;<\/div>\n<div class=\"elementToProof\">Damit sicherten wir uns bei einer hervorragend organisierten Veranstaltung mit anspruchsvollen und abwechslungsreichen Wertungspr\u00fcfungen einen starken 2. Platz \u2013 eingerahmt von den amtierenden Meistern. Das Siegerfoto im Parc&nbsp;Ferm\u00e9&nbsp;nach der Zielankunft bekommt definitiv einen Ehrenplatz in unserer Galerie.&nbsp;<\/div>\n","protected":false},"excerpt":{"rendered":"<p>Doppelter Podestplatz f\u00fcr Martin und Kerstin&nbsp;Zauleck&nbsp; Nach einem starken Start in die Saison 2026 gingen wir hochmotiviert in die Meisterschaft.&nbsp;<\/p>\n","protected":false},"author":1,"featured_media":3109,"comment_status":"open","ping_status":"open","sticky":false,"template":"","format":"standard","meta":{"ngg_post_thumbnail":0,"footnotes":""},"categories":[1],"tags":[],"class_list":["post-3107","post","type-post","status-publish","format-standard","has-post-thumbnail","hentry","category-uncategorized"],"yoast_head":"<!-- This site is optimized with the Yoast SEO plugin v27.5 - https:\/\/yoast.com\/product\/yoast-seo-wordpress\/ -->\n<title>Bericht von Martin Zauleck von der Rallye Ostalb - Retro-Rallye<\/title>\n<meta name=\"description\" content=\"Retro-Rallyes werden mit mindestens 20 Jahren alten Fahrzeugen auf Sollzeit gefahren. Durch die geringen Kosten ein perfekter Einstieg in den Motorsport.\" \/>\n<meta name=\"robots\" content=\"index, follow, max-snippet:-1, max-image-preview:large, max-video-preview:-1\" \/>\n<link rel=\"canonical\" href=\"https:\/\/retrorallye.de\/?p=3107\" \/>\n<meta property=\"og:locale\" content=\"de_DE\" \/>\n<meta property=\"og:type\" content=\"article\" \/>\n<meta property=\"og:title\" content=\"Bericht von Martin Zauleck von der Rallye Ostalb - Retro-Rallye\" \/>\n<meta property=\"og:description\" content=\"Retro-Rallyes werden mit mindestens 20 Jahren alten Fahrzeugen auf Sollzeit gefahren. Durch die geringen Kosten ein perfekter Einstieg in den Motorsport.\" \/>\n<meta property=\"og:url\" content=\"https:\/\/retrorallye.de\/?p=3107\" \/>\n<meta property=\"og:site_name\" content=\"Retro-Rallye\" \/>\n<meta property=\"article:published_time\" content=\"2026-05-03T11:10:30+00:00\" \/>\n<meta property=\"article:modified_time\" content=\"2026-05-03T11:21:57+00:00\" \/>\n<meta property=\"og:image\" content=\"https:\/\/retrorallye.de\/wp-content\/uploads\/2026\/05\/zauleck.jpg\" \/>\n\t<meta property=\"og:image:width\" content=\"300\" \/>\n\t<meta property=\"og:image:height\" content=\"200\" \/>\n\t<meta property=\"og:image:type\" content=\"image\/jpeg\" \/>\n<meta name=\"author\" content=\"RWe\" \/>\n<meta name=\"twitter:card\" content=\"summary_large_image\" \/>\n<meta name=\"twitter:label1\" content=\"Verfasst von\" \/>\n\t<meta name=\"twitter:data1\" content=\"RWe\" \/>\n\t<meta name=\"twitter:label2\" content=\"Gesch\u00e4tzte Lesezeit\" \/>\n\t<meta name=\"twitter:data2\" content=\"2\u00a0Minuten\" \/>\n<script type=\"application\/ld+json\" class=\"yoast-schema-graph\">{\"@context\":\"https:\\\/\\\/schema.org\",\"@graph\":[{\"@type\":\"Article\",\"@id\":\"https:\\\/\\\/retrorallye.de\\\/?p=3107#article\",\"isPartOf\":{\"@id\":\"https:\\\/\\\/retrorallye.de\\\/?p=3107\"},\"author\":{\"name\":\"RWe\",\"@id\":\"https:\\\/\\\/retrorallye.de\\\/#\\\/schema\\\/person\\\/512d86710bd0792a48b37215fe6fdb1b\"},\"headline\":\"Bericht von Martin Zauleck von der Rallye Ostalb\",\"datePublished\":\"2026-05-03T11:10:30+00:00\",\"dateModified\":\"2026-05-03T11:21:57+00:00\",\"mainEntityOfPage\":{\"@id\":\"https:\\\/\\\/retrorallye.de\\\/?p=3107\"},\"wordCount\":248,\"commentCount\":0,\"publisher\":{\"@id\":\"https:\\\/\\\/retrorallye.de\\\/#\\\/schema\\\/person\\\/512d86710bd0792a48b37215fe6fdb1b\"},\"image\":{\"@id\":\"https:\\\/\\\/retrorallye.de\\\/?p=3107#primaryimage\"},\"thumbnailUrl\":\"https:\\\/\\\/retrorallye.de\\\/wp-content\\\/uploads\\\/2026\\\/05\\\/zauleck.jpg\",\"articleSection\":[\"Uncategorized\"],\"inLanguage\":\"de\",\"potentialAction\":[{\"@type\":\"CommentAction\",\"name\":\"Comment\",\"target\":[\"https:\\\/\\\/retrorallye.de\\\/?p=3107#respond\"]}]},{\"@type\":\"WebPage\",\"@id\":\"https:\\\/\\\/retrorallye.de\\\/?p=3107\",\"url\":\"https:\\\/\\\/retrorallye.de\\\/?p=3107\",\"name\":\"Bericht von Martin Zauleck von der Rallye Ostalb - Retro-Rallye\",\"isPartOf\":{\"@id\":\"https:\\\/\\\/retrorallye.de\\\/#website\"},\"primaryImageOfPage\":{\"@id\":\"https:\\\/\\\/retrorallye.de\\\/?p=3107#primaryimage\"},\"image\":{\"@id\":\"https:\\\/\\\/retrorallye.de\\\/?p=3107#primaryimage\"},\"thumbnailUrl\":\"https:\\\/\\\/retrorallye.de\\\/wp-content\\\/uploads\\\/2026\\\/05\\\/zauleck.jpg\",\"datePublished\":\"2026-05-03T11:10:30+00:00\",\"dateModified\":\"2026-05-03T11:21:57+00:00\",\"description\":\"Retro-Rallyes werden mit mindestens 20 Jahren alten Fahrzeugen auf Sollzeit gefahren. Durch die geringen Kosten ein perfekter Einstieg in den Motorsport.\",\"breadcrumb\":{\"@id\":\"https:\\\/\\\/retrorallye.de\\\/?p=3107#breadcrumb\"},\"inLanguage\":\"de\",\"potentialAction\":[{\"@type\":\"ReadAction\",\"target\":[\"https:\\\/\\\/retrorallye.de\\\/?p=3107\"]}]},{\"@type\":\"ImageObject\",\"inLanguage\":\"de\",\"@id\":\"https:\\\/\\\/retrorallye.de\\\/?p=3107#primaryimage\",\"url\":\"https:\\\/\\\/retrorallye.de\\\/wp-content\\\/uploads\\\/2026\\\/05\\\/zauleck.jpg\",\"contentUrl\":\"https:\\\/\\\/retrorallye.de\\\/wp-content\\\/uploads\\\/2026\\\/05\\\/zauleck.jpg\",\"width\":300,\"height\":200},{\"@type\":\"BreadcrumbList\",\"@id\":\"https:\\\/\\\/retrorallye.de\\\/?p=3107#breadcrumb\",\"itemListElement\":[{\"@type\":\"ListItem\",\"position\":1,\"name\":\"Startseite\",\"item\":\"https:\\\/\\\/retrorallye.de\\\/\"},{\"@type\":\"ListItem\",\"position\":2,\"name\":\"Bericht von Martin Zauleck von der Rallye Ostalb\"}]},{\"@type\":\"WebSite\",\"@id\":\"https:\\\/\\\/retrorallye.de\\\/#website\",\"url\":\"https:\\\/\\\/retrorallye.de\\\/\",\"name\":\"Retro-Rallye\",\"description\":\"Der Einstieg in den Motorsport\",\"publisher\":{\"@id\":\"https:\\\/\\\/retrorallye.de\\\/#\\\/schema\\\/person\\\/512d86710bd0792a48b37215fe6fdb1b\"},\"potentialAction\":[{\"@type\":\"SearchAction\",\"target\":{\"@type\":\"EntryPoint\",\"urlTemplate\":\"https:\\\/\\\/retrorallye.de\\\/?s={search_term_string}\"},\"query-input\":{\"@type\":\"PropertyValueSpecification\",\"valueRequired\":true,\"valueName\":\"search_term_string\"}}],\"inLanguage\":\"de\"},{\"@type\":[\"Person\",\"Organization\"],\"@id\":\"https:\\\/\\\/retrorallye.de\\\/#\\\/schema\\\/person\\\/512d86710bd0792a48b37215fe6fdb1b\",\"name\":\"RWe\",\"image\":{\"@type\":\"ImageObject\",\"inLanguage\":\"de\",\"@id\":\"https:\\\/\\\/secure.gravatar.com\\\/avatar\\\/07dbf91b971b12a1c3042e2d96a1fc08ffc091127f38586879de72ec43396623?s=96&d=mm&r=g\",\"url\":\"https:\\\/\\\/secure.gravatar.com\\\/avatar\\\/07dbf91b971b12a1c3042e2d96a1fc08ffc091127f38586879de72ec43396623?s=96&d=mm&r=g\",\"contentUrl\":\"https:\\\/\\\/secure.gravatar.com\\\/avatar\\\/07dbf91b971b12a1c3042e2d96a1fc08ffc091127f38586879de72ec43396623?s=96&d=mm&r=g\",\"caption\":\"RWe\"},\"logo\":{\"@id\":\"https:\\\/\\\/secure.gravatar.com\\\/avatar\\\/07dbf91b971b12a1c3042e2d96a1fc08ffc091127f38586879de72ec43396623?s=96&d=mm&r=g\"},\"url\":\"https:\\\/\\\/retrorallye.de\\\/?author=1\"}]}<\/script>\n<!-- \/ Yoast SEO plugin. -->","yoast_head_json":{"title":"Bericht von Martin Zauleck von der Rallye Ostalb - Retro-Rallye","description":"Retro-Rallyes werden mit mindestens 20 Jahren alten Fahrzeugen auf Sollzeit gefahren. Durch die geringen Kosten ein perfekter Einstieg in den Motorsport.","robots":{"index":"index","follow":"follow","max-snippet":"max-snippet:-1","max-image-preview":"max-image-preview:large","max-video-preview":"max-video-preview:-1"},"canonical":"https:\/\/retrorallye.de\/?p=3107","og_locale":"de_DE","og_type":"article","og_title":"Bericht von Martin Zauleck von der Rallye Ostalb - Retro-Rallye","og_description":"Retro-Rallyes werden mit mindestens 20 Jahren alten Fahrzeugen auf Sollzeit gefahren. Durch die geringen Kosten ein perfekter Einstieg in den Motorsport.","og_url":"https:\/\/retrorallye.de\/?p=3107","og_site_name":"Retro-Rallye","article_published_time":"2026-05-03T11:10:30+00:00","article_modified_time":"2026-05-03T11:21:57+00:00","og_image":[{"width":300,"height":200,"url":"https:\/\/retrorallye.de\/wp-content\/uploads\/2026\/05\/zauleck.jpg","type":"image\/jpeg"}],"author":"RWe","twitter_card":"summary_large_image","twitter_misc":{"Verfasst von":"RWe","Gesch\u00e4tzte Lesezeit":"2\u00a0Minuten"},"schema":{"@context":"https:\/\/schema.org","@graph":[{"@type":"Article","@id":"https:\/\/retrorallye.de\/?p=3107#article","isPartOf":{"@id":"https:\/\/retrorallye.de\/?p=3107"},"author":{"name":"RWe","@id":"https:\/\/retrorallye.de\/#\/schema\/person\/512d86710bd0792a48b37215fe6fdb1b"},"headline":"Bericht von Martin Zauleck von der Rallye Ostalb","datePublished":"2026-05-03T11:10:30+00:00","dateModified":"2026-05-03T11:21:57+00:00","mainEntityOfPage":{"@id":"https:\/\/retrorallye.de\/?p=3107"},"wordCount":248,"commentCount":0,"publisher":{"@id":"https:\/\/retrorallye.de\/#\/schema\/person\/512d86710bd0792a48b37215fe6fdb1b"},"image":{"@id":"https:\/\/retrorallye.de\/?p=3107#primaryimage"},"thumbnailUrl":"https:\/\/retrorallye.de\/wp-content\/uploads\/2026\/05\/zauleck.jpg","articleSection":["Uncategorized"],"inLanguage":"de","potentialAction":[{"@type":"CommentAction","name":"Comment","target":["https:\/\/retrorallye.de\/?p=3107#respond"]}]},{"@type":"WebPage","@id":"https:\/\/retrorallye.de\/?p=3107","url":"https:\/\/retrorallye.de\/?p=3107","name":"Bericht von Martin Zauleck von der Rallye Ostalb - Retro-Rallye","isPartOf":{"@id":"https:\/\/retrorallye.de\/#website"},"primaryImageOfPage":{"@id":"https:\/\/retrorallye.de\/?p=3107#primaryimage"},"image":{"@id":"https:\/\/retrorallye.de\/?p=3107#primaryimage"},"thumbnailUrl":"https:\/\/retrorallye.de\/wp-content\/uploads\/2026\/05\/zauleck.jpg","datePublished":"2026-05-03T11:10:30+00:00","dateModified":"2026-05-03T11:21:57+00:00","description":"Retro-Rallyes werden mit mindestens 20 Jahren alten Fahrzeugen auf Sollzeit gefahren. Durch die geringen Kosten ein perfekter Einstieg in den Motorsport.","breadcrumb":{"@id":"https:\/\/retrorallye.de\/?p=3107#breadcrumb"},"inLanguage":"de","potentialAction":[{"@type":"ReadAction","target":["https:\/\/retrorallye.de\/?p=3107"]}]},{"@type":"ImageObject","inLanguage":"de","@id":"https:\/\/retrorallye.de\/?p=3107#primaryimage","url":"https:\/\/retrorallye.de\/wp-content\/uploads\/2026\/05\/zauleck.jpg","contentUrl":"https:\/\/retrorallye.de\/wp-content\/uploads\/2026\/05\/zauleck.jpg","width":300,"height":200},{"@type":"BreadcrumbList","@id":"https:\/\/retrorallye.de\/?p=3107#breadcrumb","itemListElement":[{"@type":"ListItem","position":1,"name":"Startseite","item":"https:\/\/retrorallye.de\/"},{"@type":"ListItem","position":2,"name":"Bericht von Martin Zauleck von der Rallye Ostalb"}]},{"@type":"WebSite","@id":"https:\/\/retrorallye.de\/#website","url":"https:\/\/retrorallye.de\/","name":"Retro-Rallye","description":"Der Einstieg in den Motorsport","publisher":{"@id":"https:\/\/retrorallye.de\/#\/schema\/person\/512d86710bd0792a48b37215fe6fdb1b"},"potentialAction":[{"@type":"SearchAction","target":{"@type":"EntryPoint","urlTemplate":"https:\/\/retrorallye.de\/?s={search_term_string}"},"query-input":{"@type":"PropertyValueSpecification","valueRequired":true,"valueName":"search_term_string"}}],"inLanguage":"de"},{"@type":["Person","Organization"],"@id":"https:\/\/retrorallye.de\/#\/schema\/person\/512d86710bd0792a48b37215fe6fdb1b","name":"RWe","image":{"@type":"ImageObject","inLanguage":"de","@id":"https:\/\/secure.gravatar.com\/avatar\/07dbf91b971b12a1c3042e2d96a1fc08ffc091127f38586879de72ec43396623?s=96&d=mm&r=g","url":"https:\/\/secure.gravatar.com\/avatar\/07dbf91b971b12a1c3042e2d96a1fc08ffc091127f38586879de72ec43396623?s=96&d=mm&r=g","contentUrl":"https:\/\/secure.gravatar.com\/avatar\/07dbf91b971b12a1c3042e2d96a1fc08ffc091127f38586879de72ec43396623?s=96&d=mm&r=g","caption":"RWe"},"logo":{"@id":"https:\/\/secure.gravatar.com\/avatar\/07dbf91b971b12a1c3042e2d96a1fc08ffc091127f38586879de72ec43396623?s=96&d=mm&r=g"},"url":"https:\/\/retrorallye.de\/?author=1"}]}},"_links":{"self":[{"href":"https:\/\/retrorallye.de\/index.php?rest_route=\/wp\/v2\/posts\/3107","targetHints":{"allow":["GET"]}}],"collection":[{"href":"https:\/\/retrorallye.de\/index.php?rest_route=\/wp\/v2\/posts"}],"about":[{"href":"https:\/\/retrorallye.de\/index.php?rest_route=\/wp\/v2\/types\/post"}],"author":[{"embeddable":true,"href":"https:\/\/retrorallye.de\/index.php?rest_route=\/wp\/v2\/users\/1"}],"replies":[{"embeddable":true,"href":"https:\/\/retrorallye.de\/index.php?rest_route=%2Fwp%2Fv2%2Fcomments&post=3107"}],"version-history":[{"count":1,"href":"https:\/\/retrorallye.de\/index.php?rest_route=\/wp\/v2\/posts\/3107\/revisions"}],"predecessor-version":[{"id":3108,"href":"https:\/\/retrorallye.de\/index.php?rest_route=\/wp\/v2\/posts\/3107\/revisions\/3108"}],"wp:featuredmedia":[{"embeddable":true,"href":"https:\/\/retrorallye.de\/index.php?rest_route=\/wp\/v2\/media\/3109"}],"wp:attachment":[{"href":"https:\/\/retrorallye.de\/index.php?rest_route=%2Fwp%2Fv2%2Fmedia&parent=3107"}],"wp:term":[{"taxonomy":"category","embeddable":true,"href":"https:\/\/retrorallye.de\/index.php?rest_route=%2Fwp%2Fv2%2Fcategories&post=3107"},{"taxonomy":"post_tag","embeddable":true,"href":"https:\/\/retrorallye.de\/index.php?rest_route=%2Fwp%2Fv2%2Ftags&post=3107"}],"curies":[{"name":"wp","href":"https:\/\/api.w.org\/{rel}","templated":true}]}}