{"id":3059,"date":"2026-03-10T15:47:22","date_gmt":"2026-03-10T15:47:22","guid":{"rendered":"https:\/\/retrorallye.de\/?p=3059"},"modified":"2026-03-10T16:03:30","modified_gmt":"2026-03-10T16:03:30","slug":"rallye-wittenberg-2026-traenen-100-teamgeist-und-der-2-platz","status":"publish","type":"post","link":"https:\/\/retrorallye.de\/?p=3059","title":{"rendered":"Rallye Wittenberg 2026 &#8211; Tr\u00e4nen, 100% Teamgeist und der 2. Platz"},"content":{"rendered":"<p>Fast h\u00e4tte unsere Zusammenfassung so gelautet:<\/p>\n<p>Die Rallye Wittenberg im Jahr 2026 war f\u00fcr uns vorbei, bevor wir \u00fcberhaupt das Rallyezentrum erreichen konnten&#8230;.<\/p>\n<p>Doch der Teamgeist des MSC Wittenberg und seiner Freunde stand uns bei und wir konnten nicht nur starten, sondern der Pokal f\u00fcr den 2. Platz ging mit uns auf die Heimreise.&nbsp;<\/p>\n<p>Eine kleine Vorgeschichte:<\/p>\n<p>Die Werkstatt, die eigentlich nur eine Achsvermessung ausf\u00fchren sollte, hatte 2 Wochen vor der Rallye an unserem Schotterauto die Feuerl\u00f6schanlage durch einen dummen Fehler getestet. Okay, diese funktionierte wunderbar und h\u00fcllte den Motor- und Innenraum in Schaum. Zwar wurde versucht, alles zu reinigen, aber komplett erfolgreich war man scheinbar nicht wirklich. Ich hatte zwar vieles dann noch ges\u00e4ubert aber mich leider auf die Aussage verlassen, dass der Zylinderkopf ordentlich getrocknet wurde.<\/p>\n<p>Am Freitag ging es von unserer Unterkunft auf eigener Achse in Richtung des Rallyezentrums in der sch\u00f6nen Innenstadt zur Dokumentenabnahme. Der BMW fuhr immer schlechter und wir erreichten auf 2 Zylindern statt einem kraftvollen 4 Zylinderklang gerade noch so den Parkplatz des Rallyezentrums und der BMW quittierte mit einem R\u00f6cheln komplett seinen Dienst. An Anspringen war nicht mehr zu denken und wir hatten schon fast die Absage der Rallye mit Tr\u00e4nen unterschrieben.<\/p>\n<p>Aber das Team hinter der Rallye Wittenberg hat uns nicht aufgegeben und Jana D\u00fcrr stellte den Kontakt zu hilfsbereiten Kollegen her. Gemeinsam entdeckten wir den Fehler, dass die Werkstatt zwar den Zylinderkopf gereinigt hatte, aber die Kerzenbohrungen unter den Kerzensteckern waren zun\u00e4chst unsichtbar mit Wasser und L\u00f6schschaum gef\u00fcllt. Thomas K\u00f6ppe, einer der Sponsoren mit seinem <a href=\"https:\/\/www.koeppe-meisterhaft.de\/\">Auto-Center K\u00f6ppe<\/a> und Teammitglied, machte uns den Vorschlag, dass wir bei ihm die Werkstatt nutzen k\u00f6nnen. Gleichzeitig organisierte er die Ersatzteile (Z\u00fcndspule von Tizian Stahl und Z\u00fcndkabel von Ronny Broda, beide Fahrer in der schnellen Kategorie), die uns f\u00fcr die Rallye kostenfrei geliehen worden. Mike Peisker schleppte uns quer durch Wittenberg dahin und so ging es gemeinsam ans Werk, das Auto wieder in Schwung zu bringen. Nach Austausch und Saubermachen von Kontakten gelang es tats\u00e4chlich, dass unser BMW wieder so klang, wie er sollte. Als letztes Team am Freitag waren wir zum Schlusspfiff bei der Dokumentenabnahme, als vorletztes Team bei der technischen Abnahme und wir konnten uns 22:15 auf den Weg zur Unterkunft machen.<\/p>\n<p>Beim Aufwachen am Samstag erhaschten wir noch einen tollen Blick auf die nebelumzogene Elbe und wir machten uns daran, den Aufschrieb f\u00fcr die 2 anspruchsvollen Pr\u00fcfungen \u00fcber Stock und Stein und zwischen B\u00e4umen hindurch zu erstellen. Schon beim Abfahren war klar, das die Wege tief, steinig und nicht ohne ordentlich Schlupf auf den Antriebsr\u00e4dern zu bew\u00e4ltigen sein werden. Aber genau das macht ja eine Rallye auf Schotter aus!<\/p>\n<p><img loading=\"lazy\" decoding=\"async\" class=\"size-medium wp-image-3060 aligncenter\" src=\"https:\/\/retrorallye.de\/wp-content\/uploads\/2026\/03\/942257c0-837a-418c-b02f-a9498fdd8fe0-300x200.jpg\" alt=\"\" width=\"300\" height=\"200\" srcset=\"https:\/\/retrorallye.de\/wp-content\/uploads\/2026\/03\/942257c0-837a-418c-b02f-a9498fdd8fe0-300x200.jpg 300w, https:\/\/retrorallye.de\/wp-content\/uploads\/2026\/03\/942257c0-837a-418c-b02f-a9498fdd8fe0-1024x683.jpg 1024w, https:\/\/retrorallye.de\/wp-content\/uploads\/2026\/03\/942257c0-837a-418c-b02f-a9498fdd8fe0-768x512.jpg 768w, https:\/\/retrorallye.de\/wp-content\/uploads\/2026\/03\/942257c0-837a-418c-b02f-a9498fdd8fe0-120x80.jpg 120w, https:\/\/retrorallye.de\/wp-content\/uploads\/2026\/03\/942257c0-837a-418c-b02f-a9498fdd8fe0.jpg 1200w\" sizes=\"auto, (max-width: 300px) 100vw, 300px\" \/><\/p>\n<p>Die diesmal 10 Histo-Teilnehmer haben in Wittenberg den Vorteil, dass diese vor dem schnellen Feld fahren d\u00fcrfen und so kamen wir in den tollen Genuss, dass wir zum einen sehr viel Zuspruch durch die Zuschauer bekommen haben als auch im Live-Stream der MZ eine Rolle spielten (<a href=\"https:\/\/www.mz.de\/live\/livestream-admv-rallye-wittenberg-motoren-spannung-4210239\">Zu sehen hier<\/a>).<\/p>\n<p>Die erste Runde konnten wir sehr gut absolvieren, das in der Winterpause nochmals h\u00f6her gesetzte Auto funktionierte nun perfekt und so standen wir auf Platz 4 im Regrouping knapp hinter den anderen AHRC Fahrern.&nbsp;<\/p>\n<p>Die zweite Runde war dann mit den ausgefahrenen Wegen und tiefen L\u00f6chern Stress pur f\u00fcr Fahrzeug und Besatzung, so dass auch im Histo-Feld einige Reifen zu wechseln waren, Teile vom Auspuff intensiven Austausch mit dem Boden pflegten oder Sto\u00dfd\u00e4mpfer mit lauten Knall zerplatzten. Zum Gl\u00fcck hatte uns die Defekthexe nach Freitag nicht im Blick und wir sind dann gl\u00fccklich und zufrieden ins Ziel gekommen. Ein Blick in die Platzierung zeigte, dass wir auch die Lichtschranken noch so gut getroffen haben, dass uns zur \u00dcberraschung der 2. Platz gelang. Mario und Kay waren nicht zu schlagen und hinter uns fuhr der Trabant mit der Besatzung Thomas und Michael auch mit aufs Podium.<\/p>\n<p>Wir m\u00f6chten uns bei den Organisatoren und Helfern der Rallye Wittenberg recht herzlich bedanken und wir k\u00f6nnen nur den Hut ziehen, dass sie mal wieder eine tolle Veranstaltung auf die Beine gestellt haben!&nbsp;<\/p>\n<p>Eines wissen wir schon heute: Wir kommen auf alle F\u00e4lle wieder und k\u00f6nnen nur jeden empfehlen, einmal die speziellen Pr\u00fcfungen der Rallye Wittenberg zu fahren. Denn so macht Schotter richtig Spass!<\/p>\n<p>&nbsp;<\/p>\n","protected":false},"excerpt":{"rendered":"<p>Fast h\u00e4tte unsere Zusammenfassung so gelautet: Die Rallye Wittenberg im Jahr 2026 war f\u00fcr uns vorbei, bevor wir \u00fcberhaupt das<\/p>\n","protected":false},"author":3,"featured_media":3062,"comment_status":"open","ping_status":"open","sticky":false,"template":"","format":"standard","meta":{"ngg_post_thumbnail":0,"footnotes":""},"categories":[1],"tags":[],"class_list":["post-3059","post","type-post","status-publish","format-standard","has-post-thumbnail","hentry","category-uncategorized"],"yoast_head":"<!-- This site is optimized with the Yoast SEO plugin v27.4 - https:\/\/yoast.com\/product\/yoast-seo-wordpress\/ -->\n<title>Rallye Wittenberg 2026 - Tr\u00e4nen, 100% Teamgeist und der 2. Platz - Retro-Rallye<\/title>\n<meta name=\"description\" content=\"Retro-Rallyes werden mit mindestens 20 Jahren alten Fahrzeugen auf Sollzeit gefahren. Durch die geringen Kosten ein perfekter Einstieg in den Motorsport.\" \/>\n<meta name=\"robots\" content=\"index, follow, max-snippet:-1, max-image-preview:large, max-video-preview:-1\" \/>\n<link rel=\"canonical\" href=\"https:\/\/retrorallye.de\/?p=3059\" \/>\n<meta property=\"og:locale\" content=\"de_DE\" \/>\n<meta property=\"og:type\" content=\"article\" \/>\n<meta property=\"og:title\" content=\"Rallye Wittenberg 2026 - Tr\u00e4nen, 100% Teamgeist und der 2. Platz - Retro-Rallye\" \/>\n<meta property=\"og:description\" content=\"Retro-Rallyes werden mit mindestens 20 Jahren alten Fahrzeugen auf Sollzeit gefahren. Durch die geringen Kosten ein perfekter Einstieg in den Motorsport.\" \/>\n<meta property=\"og:url\" content=\"https:\/\/retrorallye.de\/?p=3059\" \/>\n<meta property=\"og:site_name\" content=\"Retro-Rallye\" \/>\n<meta property=\"article:published_time\" content=\"2026-03-10T15:47:22+00:00\" \/>\n<meta property=\"article:modified_time\" content=\"2026-03-10T16:03:30+00:00\" \/>\n<meta property=\"og:image\" content=\"https:\/\/retrorallye.de\/wp-content\/uploads\/2026\/03\/wittenberg26kl-neu.jpg\" \/>\n\t<meta property=\"og:image:width\" content=\"300\" \/>\n\t<meta property=\"og:image:height\" content=\"225\" \/>\n\t<meta property=\"og:image:type\" content=\"image\/jpeg\" \/>\n<meta name=\"author\" content=\"Ralf Gloeckner\" \/>\n<meta name=\"twitter:card\" content=\"summary_large_image\" \/>\n<meta name=\"twitter:label1\" content=\"Verfasst von\" \/>\n\t<meta name=\"twitter:data1\" content=\"Ralf Gloeckner\" \/>\n\t<meta name=\"twitter:label2\" content=\"Gesch\u00e4tzte Lesezeit\" \/>\n\t<meta name=\"twitter:data2\" content=\"5\u00a0Minuten\" \/>\n<script type=\"application\/ld+json\" class=\"yoast-schema-graph\">{\"@context\":\"https:\\\/\\\/schema.org\",\"@graph\":[{\"@type\":\"Article\",\"@id\":\"https:\\\/\\\/retrorallye.de\\\/?p=3059#article\",\"isPartOf\":{\"@id\":\"https:\\\/\\\/retrorallye.de\\\/?p=3059\"},\"author\":{\"name\":\"Ralf Gloeckner\",\"@id\":\"https:\\\/\\\/retrorallye.de\\\/#\\\/schema\\\/person\\\/222848837946340072f9f0ab954f2b92\"},\"headline\":\"Rallye Wittenberg 2026 &#8211; Tr\u00e4nen, 100% Teamgeist und der 2. Platz\",\"datePublished\":\"2026-03-10T15:47:22+00:00\",\"dateModified\":\"2026-03-10T16:03:30+00:00\",\"mainEntityOfPage\":{\"@id\":\"https:\\\/\\\/retrorallye.de\\\/?p=3059\"},\"wordCount\":737,\"commentCount\":0,\"publisher\":{\"@id\":\"https:\\\/\\\/retrorallye.de\\\/#\\\/schema\\\/person\\\/512d86710bd0792a48b37215fe6fdb1b\"},\"image\":{\"@id\":\"https:\\\/\\\/retrorallye.de\\\/?p=3059#primaryimage\"},\"thumbnailUrl\":\"https:\\\/\\\/retrorallye.de\\\/wp-content\\\/uploads\\\/2026\\\/03\\\/wittenberg26kl-neu.jpg\",\"articleSection\":[\"Uncategorized\"],\"inLanguage\":\"de\",\"potentialAction\":[{\"@type\":\"CommentAction\",\"name\":\"Comment\",\"target\":[\"https:\\\/\\\/retrorallye.de\\\/?p=3059#respond\"]}]},{\"@type\":\"WebPage\",\"@id\":\"https:\\\/\\\/retrorallye.de\\\/?p=3059\",\"url\":\"https:\\\/\\\/retrorallye.de\\\/?p=3059\",\"name\":\"Rallye Wittenberg 2026 - Tr\u00e4nen, 100% Teamgeist und der 2. Platz - Retro-Rallye\",\"isPartOf\":{\"@id\":\"https:\\\/\\\/retrorallye.de\\\/#website\"},\"primaryImageOfPage\":{\"@id\":\"https:\\\/\\\/retrorallye.de\\\/?p=3059#primaryimage\"},\"image\":{\"@id\":\"https:\\\/\\\/retrorallye.de\\\/?p=3059#primaryimage\"},\"thumbnailUrl\":\"https:\\\/\\\/retrorallye.de\\\/wp-content\\\/uploads\\\/2026\\\/03\\\/wittenberg26kl-neu.jpg\",\"datePublished\":\"2026-03-10T15:47:22+00:00\",\"dateModified\":\"2026-03-10T16:03:30+00:00\",\"description\":\"Retro-Rallyes werden mit mindestens 20 Jahren alten Fahrzeugen auf Sollzeit gefahren. Durch die geringen Kosten ein perfekter Einstieg in den Motorsport.\",\"breadcrumb\":{\"@id\":\"https:\\\/\\\/retrorallye.de\\\/?p=3059#breadcrumb\"},\"inLanguage\":\"de\",\"potentialAction\":[{\"@type\":\"ReadAction\",\"target\":[\"https:\\\/\\\/retrorallye.de\\\/?p=3059\"]}]},{\"@type\":\"ImageObject\",\"inLanguage\":\"de\",\"@id\":\"https:\\\/\\\/retrorallye.de\\\/?p=3059#primaryimage\",\"url\":\"https:\\\/\\\/retrorallye.de\\\/wp-content\\\/uploads\\\/2026\\\/03\\\/wittenberg26kl-neu.jpg\",\"contentUrl\":\"https:\\\/\\\/retrorallye.de\\\/wp-content\\\/uploads\\\/2026\\\/03\\\/wittenberg26kl-neu.jpg\",\"width\":300,\"height\":225},{\"@type\":\"BreadcrumbList\",\"@id\":\"https:\\\/\\\/retrorallye.de\\\/?p=3059#breadcrumb\",\"itemListElement\":[{\"@type\":\"ListItem\",\"position\":1,\"name\":\"Startseite\",\"item\":\"https:\\\/\\\/retrorallye.de\\\/\"},{\"@type\":\"ListItem\",\"position\":2,\"name\":\"Rallye Wittenberg 2026 &#8211; Tr\u00e4nen, 100% Teamgeist und der 2. Platz\"}]},{\"@type\":\"WebSite\",\"@id\":\"https:\\\/\\\/retrorallye.de\\\/#website\",\"url\":\"https:\\\/\\\/retrorallye.de\\\/\",\"name\":\"Retro-Rallye\",\"description\":\"Der Einstieg in den Motorsport\",\"publisher\":{\"@id\":\"https:\\\/\\\/retrorallye.de\\\/#\\\/schema\\\/person\\\/512d86710bd0792a48b37215fe6fdb1b\"},\"potentialAction\":[{\"@type\":\"SearchAction\",\"target\":{\"@type\":\"EntryPoint\",\"urlTemplate\":\"https:\\\/\\\/retrorallye.de\\\/?s={search_term_string}\"},\"query-input\":{\"@type\":\"PropertyValueSpecification\",\"valueRequired\":true,\"valueName\":\"search_term_string\"}}],\"inLanguage\":\"de\"},{\"@type\":[\"Person\",\"Organization\"],\"@id\":\"https:\\\/\\\/retrorallye.de\\\/#\\\/schema\\\/person\\\/512d86710bd0792a48b37215fe6fdb1b\",\"name\":\"RWe\",\"image\":{\"@type\":\"ImageObject\",\"inLanguage\":\"de\",\"@id\":\"https:\\\/\\\/secure.gravatar.com\\\/avatar\\\/07dbf91b971b12a1c3042e2d96a1fc08ffc091127f38586879de72ec43396623?s=96&d=mm&r=g\",\"url\":\"https:\\\/\\\/secure.gravatar.com\\\/avatar\\\/07dbf91b971b12a1c3042e2d96a1fc08ffc091127f38586879de72ec43396623?s=96&d=mm&r=g\",\"contentUrl\":\"https:\\\/\\\/secure.gravatar.com\\\/avatar\\\/07dbf91b971b12a1c3042e2d96a1fc08ffc091127f38586879de72ec43396623?s=96&d=mm&r=g\",\"caption\":\"RWe\"},\"logo\":{\"@id\":\"https:\\\/\\\/secure.gravatar.com\\\/avatar\\\/07dbf91b971b12a1c3042e2d96a1fc08ffc091127f38586879de72ec43396623?s=96&d=mm&r=g\"}},{\"@type\":\"Person\",\"@id\":\"https:\\\/\\\/retrorallye.de\\\/#\\\/schema\\\/person\\\/222848837946340072f9f0ab954f2b92\",\"name\":\"Ralf Gloeckner\",\"image\":{\"@type\":\"ImageObject\",\"inLanguage\":\"de\",\"@id\":\"https:\\\/\\\/secure.gravatar.com\\\/avatar\\\/a212725dc371a09b3e85e73df125906f5a4f714d805f6973a0f9a5116f53225e?s=96&d=mm&r=g\",\"url\":\"https:\\\/\\\/secure.gravatar.com\\\/avatar\\\/a212725dc371a09b3e85e73df125906f5a4f714d805f6973a0f9a5116f53225e?s=96&d=mm&r=g\",\"contentUrl\":\"https:\\\/\\\/secure.gravatar.com\\\/avatar\\\/a212725dc371a09b3e85e73df125906f5a4f714d805f6973a0f9a5116f53225e?s=96&d=mm&r=g\",\"caption\":\"Ralf Gloeckner\"},\"sameAs\":[\"https:\\\/\\\/www.retrorallye.de\"],\"url\":\"https:\\\/\\\/retrorallye.de\\\/?author=3\"}]}<\/script>\n<!-- \/ Yoast SEO plugin. -->","yoast_head_json":{"title":"Rallye Wittenberg 2026 - Tr\u00e4nen, 100% Teamgeist und der 2. Platz - Retro-Rallye","description":"Retro-Rallyes werden mit mindestens 20 Jahren alten Fahrzeugen auf Sollzeit gefahren. Durch die geringen Kosten ein perfekter Einstieg in den Motorsport.","robots":{"index":"index","follow":"follow","max-snippet":"max-snippet:-1","max-image-preview":"max-image-preview:large","max-video-preview":"max-video-preview:-1"},"canonical":"https:\/\/retrorallye.de\/?p=3059","og_locale":"de_DE","og_type":"article","og_title":"Rallye Wittenberg 2026 - Tr\u00e4nen, 100% Teamgeist und der 2. Platz - Retro-Rallye","og_description":"Retro-Rallyes werden mit mindestens 20 Jahren alten Fahrzeugen auf Sollzeit gefahren. Durch die geringen Kosten ein perfekter Einstieg in den Motorsport.","og_url":"https:\/\/retrorallye.de\/?p=3059","og_site_name":"Retro-Rallye","article_published_time":"2026-03-10T15:47:22+00:00","article_modified_time":"2026-03-10T16:03:30+00:00","og_image":[{"width":300,"height":225,"url":"https:\/\/retrorallye.de\/wp-content\/uploads\/2026\/03\/wittenberg26kl-neu.jpg","type":"image\/jpeg"}],"author":"Ralf Gloeckner","twitter_card":"summary_large_image","twitter_misc":{"Verfasst von":"Ralf Gloeckner","Gesch\u00e4tzte Lesezeit":"5\u00a0Minuten"},"schema":{"@context":"https:\/\/schema.org","@graph":[{"@type":"Article","@id":"https:\/\/retrorallye.de\/?p=3059#article","isPartOf":{"@id":"https:\/\/retrorallye.de\/?p=3059"},"author":{"name":"Ralf Gloeckner","@id":"https:\/\/retrorallye.de\/#\/schema\/person\/222848837946340072f9f0ab954f2b92"},"headline":"Rallye Wittenberg 2026 &#8211; Tr\u00e4nen, 100% Teamgeist und der 2. Platz","datePublished":"2026-03-10T15:47:22+00:00","dateModified":"2026-03-10T16:03:30+00:00","mainEntityOfPage":{"@id":"https:\/\/retrorallye.de\/?p=3059"},"wordCount":737,"commentCount":0,"publisher":{"@id":"https:\/\/retrorallye.de\/#\/schema\/person\/512d86710bd0792a48b37215fe6fdb1b"},"image":{"@id":"https:\/\/retrorallye.de\/?p=3059#primaryimage"},"thumbnailUrl":"https:\/\/retrorallye.de\/wp-content\/uploads\/2026\/03\/wittenberg26kl-neu.jpg","articleSection":["Uncategorized"],"inLanguage":"de","potentialAction":[{"@type":"CommentAction","name":"Comment","target":["https:\/\/retrorallye.de\/?p=3059#respond"]}]},{"@type":"WebPage","@id":"https:\/\/retrorallye.de\/?p=3059","url":"https:\/\/retrorallye.de\/?p=3059","name":"Rallye Wittenberg 2026 - Tr\u00e4nen, 100% Teamgeist und der 2. Platz - Retro-Rallye","isPartOf":{"@id":"https:\/\/retrorallye.de\/#website"},"primaryImageOfPage":{"@id":"https:\/\/retrorallye.de\/?p=3059#primaryimage"},"image":{"@id":"https:\/\/retrorallye.de\/?p=3059#primaryimage"},"thumbnailUrl":"https:\/\/retrorallye.de\/wp-content\/uploads\/2026\/03\/wittenberg26kl-neu.jpg","datePublished":"2026-03-10T15:47:22+00:00","dateModified":"2026-03-10T16:03:30+00:00","description":"Retro-Rallyes werden mit mindestens 20 Jahren alten Fahrzeugen auf Sollzeit gefahren. Durch die geringen Kosten ein perfekter Einstieg in den Motorsport.","breadcrumb":{"@id":"https:\/\/retrorallye.de\/?p=3059#breadcrumb"},"inLanguage":"de","potentialAction":[{"@type":"ReadAction","target":["https:\/\/retrorallye.de\/?p=3059"]}]},{"@type":"ImageObject","inLanguage":"de","@id":"https:\/\/retrorallye.de\/?p=3059#primaryimage","url":"https:\/\/retrorallye.de\/wp-content\/uploads\/2026\/03\/wittenberg26kl-neu.jpg","contentUrl":"https:\/\/retrorallye.de\/wp-content\/uploads\/2026\/03\/wittenberg26kl-neu.jpg","width":300,"height":225},{"@type":"BreadcrumbList","@id":"https:\/\/retrorallye.de\/?p=3059#breadcrumb","itemListElement":[{"@type":"ListItem","position":1,"name":"Startseite","item":"https:\/\/retrorallye.de\/"},{"@type":"ListItem","position":2,"name":"Rallye Wittenberg 2026 &#8211; Tr\u00e4nen, 100% Teamgeist und der 2. Platz"}]},{"@type":"WebSite","@id":"https:\/\/retrorallye.de\/#website","url":"https:\/\/retrorallye.de\/","name":"Retro-Rallye","description":"Der Einstieg in den Motorsport","publisher":{"@id":"https:\/\/retrorallye.de\/#\/schema\/person\/512d86710bd0792a48b37215fe6fdb1b"},"potentialAction":[{"@type":"SearchAction","target":{"@type":"EntryPoint","urlTemplate":"https:\/\/retrorallye.de\/?s={search_term_string}"},"query-input":{"@type":"PropertyValueSpecification","valueRequired":true,"valueName":"search_term_string"}}],"inLanguage":"de"},{"@type":["Person","Organization"],"@id":"https:\/\/retrorallye.de\/#\/schema\/person\/512d86710bd0792a48b37215fe6fdb1b","name":"RWe","image":{"@type":"ImageObject","inLanguage":"de","@id":"https:\/\/secure.gravatar.com\/avatar\/07dbf91b971b12a1c3042e2d96a1fc08ffc091127f38586879de72ec43396623?s=96&d=mm&r=g","url":"https:\/\/secure.gravatar.com\/avatar\/07dbf91b971b12a1c3042e2d96a1fc08ffc091127f38586879de72ec43396623?s=96&d=mm&r=g","contentUrl":"https:\/\/secure.gravatar.com\/avatar\/07dbf91b971b12a1c3042e2d96a1fc08ffc091127f38586879de72ec43396623?s=96&d=mm&r=g","caption":"RWe"},"logo":{"@id":"https:\/\/secure.gravatar.com\/avatar\/07dbf91b971b12a1c3042e2d96a1fc08ffc091127f38586879de72ec43396623?s=96&d=mm&r=g"}},{"@type":"Person","@id":"https:\/\/retrorallye.de\/#\/schema\/person\/222848837946340072f9f0ab954f2b92","name":"Ralf Gloeckner","image":{"@type":"ImageObject","inLanguage":"de","@id":"https:\/\/secure.gravatar.com\/avatar\/a212725dc371a09b3e85e73df125906f5a4f714d805f6973a0f9a5116f53225e?s=96&d=mm&r=g","url":"https:\/\/secure.gravatar.com\/avatar\/a212725dc371a09b3e85e73df125906f5a4f714d805f6973a0f9a5116f53225e?s=96&d=mm&r=g","contentUrl":"https:\/\/secure.gravatar.com\/avatar\/a212725dc371a09b3e85e73df125906f5a4f714d805f6973a0f9a5116f53225e?s=96&d=mm&r=g","caption":"Ralf Gloeckner"},"sameAs":["https:\/\/www.retrorallye.de"],"url":"https:\/\/retrorallye.de\/?author=3"}]}},"_links":{"self":[{"href":"https:\/\/retrorallye.de\/index.php?rest_route=\/wp\/v2\/posts\/3059","targetHints":{"allow":["GET"]}}],"collection":[{"href":"https:\/\/retrorallye.de\/index.php?rest_route=\/wp\/v2\/posts"}],"about":[{"href":"https:\/\/retrorallye.de\/index.php?rest_route=\/wp\/v2\/types\/post"}],"author":[{"embeddable":true,"href":"https:\/\/retrorallye.de\/index.php?rest_route=\/wp\/v2\/users\/3"}],"replies":[{"embeddable":true,"href":"https:\/\/retrorallye.de\/index.php?rest_route=%2Fwp%2Fv2%2Fcomments&post=3059"}],"version-history":[{"count":4,"href":"https:\/\/retrorallye.de\/index.php?rest_route=\/wp\/v2\/posts\/3059\/revisions"}],"predecessor-version":[{"id":3065,"href":"https:\/\/retrorallye.de\/index.php?rest_route=\/wp\/v2\/posts\/3059\/revisions\/3065"}],"wp:featuredmedia":[{"embeddable":true,"href":"https:\/\/retrorallye.de\/index.php?rest_route=\/wp\/v2\/media\/3062"}],"wp:attachment":[{"href":"https:\/\/retrorallye.de\/index.php?rest_route=%2Fwp%2Fv2%2Fmedia&parent=3059"}],"wp:term":[{"taxonomy":"category","embeddable":true,"href":"https:\/\/retrorallye.de\/index.php?rest_route=%2Fwp%2Fv2%2Fcategories&post=3059"},{"taxonomy":"post_tag","embeddable":true,"href":"https:\/\/retrorallye.de\/index.php?rest_route=%2Fwp%2Fv2%2Ftags&post=3059"}],"curies":[{"name":"wp","href":"https:\/\/api.w.org\/{rel}","templated":true}]}}